{"id":973,"date":"2015-03-25T14:01:34","date_gmt":"2015-03-25T13:01:34","guid":{"rendered":"http:\/\/www.tunnelblick.es\/press\/?p=973"},"modified":"2015-04-15T10:04:35","modified_gmt":"2015-04-15T08:04:35","slug":"973","status":"publish","type":"post","link":"http:\/\/www.tunnelblick.es\/press\/2015\/03\/973\/","title":{"rendered":"#55: In der Versp\u00e4tungsfalle"},"content":{"rendered":"<p><a href=\"http:\/\/www.tunnelblick.es\/press\/wp-content\/uploads\/2015\/03\/ES21_Tunnelblick-55.png\" rel=\"shadowbox[sbpost-973];player=img;\"><img loading=\"lazy\" src=\"http:\/\/www.tunnelblick.es\/press\/wp-content\/uploads\/2015\/03\/ES21_Tunnelblick-55-212x300.png\" alt=\"Tunnelblick 55\" width=\"212\" height=\"300\" class=\"alignleft size-medium wp-image-968\" \/><\/a>Max P. regt sich auf. Er wohnt in Altdorf und pendelt t\u00e4glich nach Ludwigsburg: \u00bbIch bin auf die \u00d6ffentlichen angewiesen! Morgens fahre ich mit der Sch\u00f6nbuchbahn zum Bahnhof B\u00f6blingen. Dort nehme ich die S 1 bis zur Haltestelle Schwabstra\u00dfe, von dort geht es mit der S 5 nach Ludwigsburg \u2013 und abends zur\u00fcck.\u00ab Bis vor einigen Jahren habe das reibungslos funktioniert. \u00bbIn letzter Zeit so gut wie gar nicht mehr!\u00ab Der Anschluss zur Sch\u00f6nbuchbahn klappe fast nie, das Umsteigen in die S 5 nur noch selten. Weil er zu sp\u00e4t zur Arbeit kommt, habe er sogar schon Probleme mit seinem Chef. \u00bbDa werden Milliarden in Gro\u00dfprojekte investiert und der \u00f6ffentliche Nahverkehr wird immer schlechter \u2013 so kann das doch nicht weitergehen!\u00ab<br \/>\n<a href=\"http:\/\/www.tunnelblick.es\/press\/wp-content\/uploads\/2015\/03\/ES21_Tunnelblick-55_s.pdf\">Tunnelblick 55 (Webausgabe)<\/a><br \/>\n<a href=\"http:\/\/www.tunnelblick.es\/press\/wp-content\/uploads\/2015\/03\/ES21_Tunnelblick-55.pdf\">Tunnelblick 55 (Druckdatei)<\/a><br \/>\n<!--more--><strong>\u00dcbrigens: Stuttgart 21 trifft auch die Autobahn A 8<\/strong>. Sie fahren gar nicht Bahn, sondern Auto? Dann w\u00e4hnen sie sich jetzt vielleicht auf der sicheren Seite. Aber auch Sie werden dem Versp\u00e4tungschaos durch Stuttgart 21 nicht entgehen. Denn zwischen den Anschlussstellen Esslingen und Denkendorf wird die Autobahn A 8 auf Jahre hinaus zum Engpass. Die Bahn braucht Platz f\u00fcr den Stuttgart-21-Tunnel Denkendorf und die Schienenstrecke entlang der A 8 zum Flughafen. Deshalb werden alle sechs Fahrspuren ab Fr\u00fchjahr 2015 auf einer (!) Fahrbahn gef\u00fchrt \u2013 bis mindestens Fr\u00fchjahr 2018. Willkommen bei Stuttgart 21!<\/p>\n","protected":false},"excerpt":{"rendered":"<p>Max P. regt sich auf. Er wohnt in Altdorf und pendelt t\u00e4glich nach Ludwigsburg: \u00bbIch bin auf die \u00d6ffentlichen angewiesen! Morgens fahre ich mit der Sch\u00f6nbuchbahn zum Bahnhof B\u00f6blingen. Dort nehme ich die S 1 bis zur Haltestelle Schwabstra\u00dfe, von &hellip; <a href=\"http:\/\/www.tunnelblick.es\/press\/2015\/03\/973\/\">Weiterlesen <span class=\"meta-nav\">&rarr;<\/span><\/a><\/p>\n","protected":false},"author":1,"featured_media":0,"comment_status":"open","ping_status":"open","sticky":false,"template":"","format":"standard","meta":[],"categories":[3],"tags":[],"_links":{"self":[{"href":"http:\/\/www.tunnelblick.es\/press\/wp-json\/wp\/v2\/posts\/973"}],"collection":[{"href":"http:\/\/www.tunnelblick.es\/press\/wp-json\/wp\/v2\/posts"}],"about":[{"href":"http:\/\/www.tunnelblick.es\/press\/wp-json\/wp\/v2\/types\/post"}],"author":[{"embeddable":true,"href":"http:\/\/www.tunnelblick.es\/press\/wp-json\/wp\/v2\/users\/1"}],"replies":[{"embeddable":true,"href":"http:\/\/www.tunnelblick.es\/press\/wp-json\/wp\/v2\/comments?post=973"}],"version-history":[{"count":7,"href":"http:\/\/www.tunnelblick.es\/press\/wp-json\/wp\/v2\/posts\/973\/revisions"}],"predecessor-version":[{"id":985,"href":"http:\/\/www.tunnelblick.es\/press\/wp-json\/wp\/v2\/posts\/973\/revisions\/985"}],"wp:attachment":[{"href":"http:\/\/www.tunnelblick.es\/press\/wp-json\/wp\/v2\/media?parent=973"}],"wp:term":[{"taxonomy":"category","embeddable":true,"href":"http:\/\/www.tunnelblick.es\/press\/wp-json\/wp\/v2\/categories?post=973"},{"taxonomy":"post_tag","embeddable":true,"href":"http:\/\/www.tunnelblick.es\/press\/wp-json\/wp\/v2\/tags?post=973"}],"curies":[{"name":"wp","href":"https:\/\/api.w.org\/{rel}","templated":true}]}}