{"id":929,"date":"2014-10-11T22:24:12","date_gmt":"2014-10-11T20:24:12","guid":{"rendered":"http:\/\/www.tunnelblick.es\/press\/?p=929"},"modified":"2014-10-11T22:25:58","modified_gmt":"2014-10-11T20:25:58","slug":"51-mit-aller-gewalt","status":"publish","type":"post","link":"http:\/\/www.tunnelblick.es\/press\/2014\/10\/51-mit-aller-gewalt\/","title":{"rendered":"#51: Mit aller Gewalt"},"content":{"rendered":"<p><a href=\"http:\/\/www.tunnelblick.es\/press\/wp-content\/uploads\/2014\/10\/ES21_Tunnelblick-51.png\" rel=\"shadowbox[sbpost-929];player=img;\"><img loading=\"lazy\" class=\"alignleft size-medium wp-image-932\" alt=\"ES21_Tunnelblick-51\" src=\"http:\/\/www.tunnelblick.es\/press\/wp-content\/uploads\/2014\/10\/ES21_Tunnelblick-51-212x300.png\" width=\"212\" height=\"300\" srcset=\"http:\/\/www.tunnelblick.es\/press\/wp-content\/uploads\/2014\/10\/ES21_Tunnelblick-51-212x300.png 212w, http:\/\/www.tunnelblick.es\/press\/wp-content\/uploads\/2014\/10\/ES21_Tunnelblick-51.png 750w\" sizes=\"(max-width: 212px) 100vw, 212px\" \/><\/a>Stuttgart, Schlossgarten, 30.9.2010, 14:04 Uhr: Polizeipr\u00e4sident Stumpf (links) und Oberstaatsanwalt H\u00e4u\u00dfler beobachten den Wasserwerfereinsatz gegen Stuttgart-21-Demonstranten. Sp\u00e4ter behauptet Stumpf, er sei zu dieser Zeit nicht im Park gewesen und habe den Einsatz daher auch nicht abbrechen k\u00f6nnen. H\u00e4u\u00dfler wiederum er\u00f6ffnet ein Ermittlungsverfahren wegen K\u00f6rperverletzung im Amt und beauftragt den Tatverd\u00e4chtigen Stumpf selbst mit der Pr\u00fcfung. Das Verfahren wird erwartungsgem\u00e4\u00df eingestellt. Bis heute weigert sich Justizminister Stickelberger (SPD), eine ausw\u00e4rtige Staatsanwaltschaft mit den Ermittlungen zum Schwarzen Donnerstag zu beauftragen. Wie in einem Brennglas zeigt sich hier der Zustand von Demokratie und Gewaltenteilung in diesem Land. Und immer neue Vorg\u00e4nge kommen ans Licht.<br \/>\n<a href=\"http:\/\/www.tunnelblick.es\/press\/wp-content\/uploads\/2014\/10\/ES21_Tunnelblick-51_s.pdf\">Tunnelblick 51 (Webausgabe)<\/a><br \/>\n<a href=\"http:\/\/www.tunnelblick.es\/press\/wp-content\/uploads\/2014\/10\/ES21_Tunnelblick-51.pdf\">Tunnelblick 51 (Druckdatei)<\/a><\/p>\n","protected":false},"excerpt":{"rendered":"<p>Stuttgart, Schlossgarten, 30.9.2010, 14:04 Uhr: Polizeipr\u00e4sident Stumpf (links) und Oberstaatsanwalt H\u00e4u\u00dfler beobachten den Wasserwerfereinsatz gegen Stuttgart-21-Demonstranten. Sp\u00e4ter behauptet Stumpf, er sei zu dieser Zeit nicht im Park gewesen und habe den Einsatz daher auch nicht abbrechen k\u00f6nnen. H\u00e4u\u00dfler wiederum er\u00f6ffnet &hellip; <a href=\"http:\/\/www.tunnelblick.es\/press\/2014\/10\/51-mit-aller-gewalt\/\">Weiterlesen <span class=\"meta-nav\">&rarr;<\/span><\/a><\/p>\n","protected":false},"author":2,"featured_media":0,"comment_status":"open","ping_status":"open","sticky":false,"template":"","format":"standard","meta":[],"categories":[3],"tags":[],"_links":{"self":[{"href":"http:\/\/www.tunnelblick.es\/press\/wp-json\/wp\/v2\/posts\/929"}],"collection":[{"href":"http:\/\/www.tunnelblick.es\/press\/wp-json\/wp\/v2\/posts"}],"about":[{"href":"http:\/\/www.tunnelblick.es\/press\/wp-json\/wp\/v2\/types\/post"}],"author":[{"embeddable":true,"href":"http:\/\/www.tunnelblick.es\/press\/wp-json\/wp\/v2\/users\/2"}],"replies":[{"embeddable":true,"href":"http:\/\/www.tunnelblick.es\/press\/wp-json\/wp\/v2\/comments?post=929"}],"version-history":[{"count":4,"href":"http:\/\/www.tunnelblick.es\/press\/wp-json\/wp\/v2\/posts\/929\/revisions"}],"predecessor-version":[{"id":936,"href":"http:\/\/www.tunnelblick.es\/press\/wp-json\/wp\/v2\/posts\/929\/revisions\/936"}],"wp:attachment":[{"href":"http:\/\/www.tunnelblick.es\/press\/wp-json\/wp\/v2\/media?parent=929"}],"wp:term":[{"taxonomy":"category","embeddable":true,"href":"http:\/\/www.tunnelblick.es\/press\/wp-json\/wp\/v2\/categories?post=929"},{"taxonomy":"post_tag","embeddable":true,"href":"http:\/\/www.tunnelblick.es\/press\/wp-json\/wp\/v2\/tags?post=929"}],"curies":[{"name":"wp","href":"https:\/\/api.w.org\/{rel}","templated":true}]}}