{"id":528,"date":"2013-02-11T10:36:55","date_gmt":"2013-02-11T09:36:55","guid":{"rendered":"http:\/\/www.tunnelblick.es\/press\/?p=528"},"modified":"2013-02-11T10:36:55","modified_gmt":"2013-02-11T09:36:55","slug":"newsletter-022013","status":"publish","type":"post","link":"http:\/\/www.tunnelblick.es\/press\/2013\/02\/newsletter-022013\/","title":{"rendered":"Newsletter 02\/2013"},"content":{"rendered":"<h1>Verantwortlich!<\/h1>\n<p>Liebe LeserInnen des Tunnelblicks,<\/p>\n<p>vor der Gro\u00dfdemo am 23.2.2013 wollen wir in unserem neuen <a title=\"Tunnelblick 29\" href=\"http:\/\/www.tunnelblick.es\/press\/2013\/02\/29-verantwortlich\/\" target=\"_blank\">Tunnelblick Nr. 29<\/a> die Verantwortlichen nochmals in den Fokus r\u00fccken. Diese Personen h\u00e4tten es in der Hand, Stuttgart 21 zu beenden, bevor noch mehr Schaden angerichtet wird.<\/p>\n<p>Bei der Landtags- und der B\u00fcrgermeisterwahl waren wir &#8220;nur&#8221; das Z\u00fcnglein an der Waage &#8211; wir, die angeblich so unbedeutenden Gegner dieses Riesenmurks inmitten der Stadt, doch das gen\u00fcgte, um politische Weichen zu stellen. So wird es auch bei der Bundestagswahl sein. Bis dahin wird noch viel Wasser den Nesenbach hinunterflie\u00dfen und viele weitere Fehlplanungen der Bahn thematisiert werden k\u00f6nnen.<\/p>\n<p>Stuttgart 21 ist auf der Bundesebene endg\u00fcltig ankommen. Und dort wird es bleiben &#8211; bis zum Herbst. Und Frau Merkel wei\u00df das. Am 5. M\u00e4rz wird der Aufsichtsrat der Bahn tagen. Wir d\u00fcrfen gespannt sein.<\/p>\n<p>Wir bleiben oben &#8211; mit Sicherheit!<\/p>\n<p>Ihre Redaktion<\/p>\n","protected":false},"excerpt":{"rendered":"<p>Verantwortlich! Liebe LeserInnen des Tunnelblicks, vor der Gro\u00dfdemo am 23.2.2013 wollen wir in unserem neuen Tunnelblick Nr. 29 die Verantwortlichen nochmals in den Fokus r\u00fccken. Diese Personen h\u00e4tten es in der Hand, Stuttgart 21 zu beenden, bevor noch mehr Schaden &hellip; <a href=\"http:\/\/www.tunnelblick.es\/press\/2013\/02\/newsletter-022013\/\">Weiterlesen <span class=\"meta-nav\">&rarr;<\/span><\/a><\/p>\n","protected":false},"author":1,"featured_media":0,"comment_status":"open","ping_status":"open","sticky":false,"template":"","format":"standard","meta":[],"categories":[51],"tags":[],"_links":{"self":[{"href":"http:\/\/www.tunnelblick.es\/press\/wp-json\/wp\/v2\/posts\/528"}],"collection":[{"href":"http:\/\/www.tunnelblick.es\/press\/wp-json\/wp\/v2\/posts"}],"about":[{"href":"http:\/\/www.tunnelblick.es\/press\/wp-json\/wp\/v2\/types\/post"}],"author":[{"embeddable":true,"href":"http:\/\/www.tunnelblick.es\/press\/wp-json\/wp\/v2\/users\/1"}],"replies":[{"embeddable":true,"href":"http:\/\/www.tunnelblick.es\/press\/wp-json\/wp\/v2\/comments?post=528"}],"version-history":[{"count":1,"href":"http:\/\/www.tunnelblick.es\/press\/wp-json\/wp\/v2\/posts\/528\/revisions"}],"predecessor-version":[{"id":529,"href":"http:\/\/www.tunnelblick.es\/press\/wp-json\/wp\/v2\/posts\/528\/revisions\/529"}],"wp:attachment":[{"href":"http:\/\/www.tunnelblick.es\/press\/wp-json\/wp\/v2\/media?parent=528"}],"wp:term":[{"taxonomy":"category","embeddable":true,"href":"http:\/\/www.tunnelblick.es\/press\/wp-json\/wp\/v2\/categories?post=528"},{"taxonomy":"post_tag","embeddable":true,"href":"http:\/\/www.tunnelblick.es\/press\/wp-json\/wp\/v2\/tags?post=528"}],"curies":[{"name":"wp","href":"https:\/\/api.w.org\/{rel}","templated":true}]}}